{"id":3198,"date":"2023-08-05T15:04:54","date_gmt":"2023-08-05T13:04:54","guid":{"rendered":"https:\/\/demos-a1.c.wetopi.com\/les-chiens-et-lanxiete-de-la-separation\/"},"modified":"2023-10-26T20:41:17","modified_gmt":"2023-10-26T18:41:17","slug":"les-chiens-et-lanxiete-de-la-separation","status":"publish","type":"post","link":"https:\/\/erapetfood.com\/fr\/les-chiens-et-lanxiete-de-la-separation\/","title":{"rendered":"Les chiens et l&#8217;anxi\u00e9t\u00e9 de la s\u00e9paration"},"content":{"rendered":"\n<p>L&#8217;anxi\u00e9t\u00e9, qu&#8217;il s&#8217;agisse d&#8217;\u00eatres humains ou d&#8217;animaux, est un probl\u00e8me de plus en plus fr\u00e9quent. Dans le cas particulier de l&#8217;anxi\u00e9t\u00e9 de la s\u00e9paration, surtout chez les chiens, elle repr\u00e9sente 15 % des probl\u00e8mes de comportement trait\u00e9s par les v\u00e9t\u00e9rinaires en Espagne. C&#8217;est pourquoi nous allons vous expliquer tout ce que vous devez savoir \u00e0 ce sujet.<\/p>\n\n\n\n<h2 class=\"wp-block-heading\">Qu&#8217;est-ce que c&#8217;est ?<\/h2>\n\n\n\n<p>L&#8217;anxi\u00e9t\u00e9, en g\u00e9n\u00e9ral, est l&#8217;anticipation d&#8217;un danger. Cela signifie que lorsque l&#8217;on pr\u00e9voit qu&#8217;une situation dangereuse va se produire avant qu&#8217;elle ne se produise effectivement, cela affecte le comportement. C&#8217;est pourquoi l&#8217;anxi\u00e9t\u00e9 de s\u00e9paration est consid\u00e9r\u00e9e comme un trouble du comportement grave.<\/p>\n\n\n\n<h2 class=\"wp-block-heading\">Pourquoi cela se produit-il ?<\/h2>\n\n\n\n<p>Pour les animaux socialis\u00e9s, le groupe a une fonction de survie, c&#8217;est pourquoi \u00eatre seul repr\u00e9sente une situation dangereuse et une source d&#8217;anxi\u00e9t\u00e9. Dans le cas des chiens, la famille signifie protection, gr\u00e2ce aux liens affectifs qui se tissent entre ses membres. Ainsi, le moment de rester seuls repr\u00e9sente un moment de vuln\u00e9rabilit\u00e9 qui, dans certains cas, g\u00e9n\u00e8re du stress et de l&#8217;anxi\u00e9t\u00e9.<\/p>\n\n\n\n<h2 class=\"wp-block-heading\">Quels sont les sympt\u00f4mes ?<\/h2>\n\n\n\n<p>Ce trouble se manifeste principalement par des comportements destructeurs lorsqu&#8217;il est laiss\u00e9 seul, une vocalisation excessive (aboiements, pleurs ou hurlements constants), et l&#8217;\u00e9limination d&#8217;urine ou de selles \u00e0 des endroits inappropri\u00e9s.<\/p>\n\n\n\n<p>Cependant, il existe des sympt\u00f4mes secondaires de ce trouble qui sont plus difficiles \u00e0 d\u00e9tecter, tels que l&#8217;anorexie, l&#8217;hyperventilation, l&#8217;hypersalivation, des sympt\u00f4mes gastro-intestinaux, un l\u00e9chage excessif, entre autres.<\/p>\n\n\n\n<h2 class=\"wp-block-heading\">Quelle en est la cause ?<\/h2>\n\n\n\n<p>De nos jours, dans le domaine de l&#8217;\u00e9thologie canine, c&#8217;est-\u00e0-dire la discipline v\u00e9t\u00e9rinaire qui s&#8217;occupe des probl\u00e8mes de comportement chez les chiens, il n&#8217;y a pas de consensus sur la cause de ce trouble.<\/p>\n\n\n\n<h2 class=\"wp-block-heading\">Comment agir ?<\/h2>\n\n\n\n<p>Face \u00e0 cette situation, la premi\u00e8re chose \u00e0 faire est de contacter un \u00e9thologue clinique et un \u00e9ducateur canin pour \u00e9valuer le cas.<\/p>\n\n\n\n<p>Il est courant d&#8217;entendre dire qu&#8217;en rentrant \u00e0 la maison, il faut ignorer le chien pour que notre pr\u00e9sence ne le perturbe pas, cependant, cette attitude peut d\u00e9naturer la situation et augmenter le niveau de stress. C&#8217;est pourquoi ce qu&#8217;il faut faire, c&#8217;est saluer le chien de la mani\u00e8re la plus calme possible pour qu&#8217;il sache que nous l&#8217;avons vu et qu&#8217;il n&#8217;a pas besoin d&#8217;attirer notre attention.<\/p>\n\n\n\n<p>De plus, certains \u00e9thologues recommandent de rendre la sortie du propri\u00e9taire plus pr\u00e9visible en maintenant les indices ou les signaux qui l&#8217;annoncent, comme prendre les cl\u00e9s. Cela permet de pr\u00e9dire un stimulus qui pourrait entra\u00eener une situation ind\u00e9sirable, comme le fait de se retrouver sans protection, ce qui r\u00e9duit les niveaux de stress.<\/p>\n\n\n\n<h2 class=\"wp-block-heading\">Vous pouvez \u00e9galement regarder notre vid\u00e9o sur la cha\u00eene YouTube de CyP Mascotas.<\/h2>\n\n\n\n<figure class=\"wp-block-embed is-type-video is-provider-youtube wp-block-embed-youtube wp-embed-aspect-16-9 wp-has-aspect-ratio\"><div class=\"wp-block-embed__wrapper\">\n<iframe title=\"PERRO: Estr\u00e9s en perros, DETECTARLO y SOLUCIONARLO\" width=\"1200\" height=\"675\" src=\"https:\/\/www.youtube.com\/embed\/byEyYFf0dCY?feature=oembed\" frameborder=\"0\" allow=\"accelerometer; autoplay; clipboard-write; encrypted-media; gyroscope; picture-in-picture; web-share\" allowfullscreen><\/iframe>\n<\/div><\/figure>\n","protected":false},"excerpt":{"rendered":"<p>L&#8217;anxi\u00e9t\u00e9, qu&#8217;il s&#8217;agisse d&#8217;\u00eatres humains ou d&#8217;animaux, est un probl\u00e8me de plus en plus fr\u00e9quent. Dans le cas<\/p>\n","protected":false},"author":1,"featured_media":4860,"comment_status":"open","ping_status":"closed","sticky":false,"template":"","format":"standard","meta":{"_jetpack_memberships_contains_paid_content":false,"footnotes":""},"categories":[125],"tags":[],"class_list":["post-3198","post","type-post","status-publish","format-standard","has-post-thumbnail","hentry","category-soins"],"yoast_head":"<!-- This site is optimized with the Yoast SEO plugin v27.2 - https:\/\/yoast.com\/product\/yoast-seo-wordpress\/ -->\n<title>Les chiens et l&#039;anxi\u00e9t\u00e9 de la s\u00e9paration - ERA Pet Food<\/title>\n<meta name=\"robots\" content=\"index, follow, max-snippet:-1, max-image-preview:large, max-video-preview:-1\" \/>\n<link rel=\"canonical\" href=\"https:\/\/erapetfood.com\/los-perros-y-la-ansiedad-por-separacion\/\" \/>\n<meta property=\"og:locale\" content=\"fr_FR\" \/>\n<meta property=\"og:type\" content=\"article\" \/>\n<meta property=\"og:title\" content=\"Les chiens et l&#039;anxi\u00e9t\u00e9 de la s\u00e9paration - ERA Pet Food\" \/>\n<meta property=\"og:description\" content=\"L&#039;anxi\u00e9t\u00e9, qu&#039;il s&#039;agisse d&#039;\u00eatres humains ou d&#039;animaux, est un probl\u00e8me de plus en plus fr\u00e9quent. Dans le cas\" \/>\n<meta property=\"og:url\" content=\"https:\/\/erapetfood.com\/los-perros-y-la-ansiedad-por-separacion\/\" \/>\n<meta property=\"og:site_name\" content=\"ERA Pet Food\" \/>\n<meta property=\"article:publisher\" content=\"https:\/\/www.facebook.com\/Erapetfood\/\" \/>\n<meta property=\"article:published_time\" content=\"2023-08-05T13:04:54+00:00\" \/>\n<meta property=\"article:modified_time\" content=\"2023-10-26T18:41:17+00:00\" \/>\n<meta property=\"og:image\" content=\"https:\/\/erapetfood.com\/wp-content\/uploads\/perros-y-la-ansiedad.jpg\" \/>\n\t<meta property=\"og:image:width\" content=\"3200\" \/>\n\t<meta property=\"og:image:height\" content=\"4000\" \/>\n\t<meta property=\"og:image:type\" content=\"image\/jpeg\" \/>\n<meta name=\"author\" content=\"Joan Llompart\" \/>\n<meta name=\"twitter:card\" content=\"summary_large_image\" \/>\n<meta name=\"twitter:creator\" content=\"@Erapetfood\" \/>\n<meta name=\"twitter:site\" content=\"@Erapetfood\" \/>\n<meta name=\"twitter:label1\" content=\"\u00c9crit par\" \/>\n\t<meta name=\"twitter:data1\" content=\"Joan Llompart\" \/>\n\t<meta name=\"twitter:label2\" content=\"Dur\u00e9e de lecture estim\u00e9e\" \/>\n\t<meta name=\"twitter:data2\" content=\"2 minutes\" \/>\n<script type=\"application\/ld+json\" class=\"yoast-schema-graph\">{\"@context\":\"https:\/\/schema.org\",\"@graph\":[{\"@type\":\"Article\",\"@id\":\"https:\/\/erapetfood.com\/los-perros-y-la-ansiedad-por-separacion\/#article\",\"isPartOf\":{\"@id\":\"https:\/\/erapetfood.com\/los-perros-y-la-ansiedad-por-separacion\/\"},\"author\":{\"name\":\"Joan Llompart\",\"@id\":\"https:\/\/erapetfood.com\/#\/schema\/person\/786a378ce9054c9e5c585ea175849815\"},\"headline\":\"Les chiens et l&#8217;anxi\u00e9t\u00e9 de la s\u00e9paration\",\"datePublished\":\"2023-08-05T13:04:54+00:00\",\"dateModified\":\"2023-10-26T18:41:17+00:00\",\"mainEntityOfPage\":{\"@id\":\"https:\/\/erapetfood.com\/los-perros-y-la-ansiedad-por-separacion\/\"},\"wordCount\":528,\"commentCount\":0,\"publisher\":{\"@id\":\"https:\/\/erapetfood.com\/#organization\"},\"image\":{\"@id\":\"https:\/\/erapetfood.com\/los-perros-y-la-ansiedad-por-separacion\/#primaryimage\"},\"thumbnailUrl\":\"https:\/\/erapetfood.com\/wp-content\/uploads\/perros-y-la-ansiedad.jpg\",\"articleSection\":[\"Soins\"],\"inLanguage\":\"fr-FR\",\"potentialAction\":[{\"@type\":\"CommentAction\",\"name\":\"Comment\",\"target\":[\"https:\/\/erapetfood.com\/los-perros-y-la-ansiedad-por-separacion\/#respond\"]}]},{\"@type\":\"WebPage\",\"@id\":\"https:\/\/erapetfood.com\/los-perros-y-la-ansiedad-por-separacion\/\",\"url\":\"https:\/\/erapetfood.com\/los-perros-y-la-ansiedad-por-separacion\/\",\"name\":\"Les chiens et l'anxi\u00e9t\u00e9 de la s\u00e9paration - ERA Pet Food\",\"isPartOf\":{\"@id\":\"https:\/\/erapetfood.com\/#website\"},\"primaryImageOfPage\":{\"@id\":\"https:\/\/erapetfood.com\/los-perros-y-la-ansiedad-por-separacion\/#primaryimage\"},\"image\":{\"@id\":\"https:\/\/erapetfood.com\/los-perros-y-la-ansiedad-por-separacion\/#primaryimage\"},\"thumbnailUrl\":\"https:\/\/erapetfood.com\/wp-content\/uploads\/perros-y-la-ansiedad.jpg\",\"datePublished\":\"2023-08-05T13:04:54+00:00\",\"dateModified\":\"2023-10-26T18:41:17+00:00\",\"breadcrumb\":{\"@id\":\"https:\/\/erapetfood.com\/los-perros-y-la-ansiedad-por-separacion\/#breadcrumb\"},\"inLanguage\":\"fr-FR\",\"potentialAction\":[{\"@type\":\"ReadAction\",\"target\":[\"https:\/\/erapetfood.com\/los-perros-y-la-ansiedad-por-separacion\/\"]}]},{\"@type\":\"ImageObject\",\"inLanguage\":\"fr-FR\",\"@id\":\"https:\/\/erapetfood.com\/los-perros-y-la-ansiedad-por-separacion\/#primaryimage\",\"url\":\"https:\/\/erapetfood.com\/wp-content\/uploads\/perros-y-la-ansiedad.jpg\",\"contentUrl\":\"https:\/\/erapetfood.com\/wp-content\/uploads\/perros-y-la-ansiedad.jpg\",\"width\":3200,\"height\":4000,\"caption\":\"l'anxi\u00e9t\u00e9 de la s\u00e9paration\"},{\"@type\":\"BreadcrumbList\",\"@id\":\"https:\/\/erapetfood.com\/los-perros-y-la-ansiedad-por-separacion\/#breadcrumb\",\"itemListElement\":[{\"@type\":\"ListItem\",\"position\":1,\"name\":\"Portada\",\"item\":\"https:\/\/erapetfood.com\/\"},{\"@type\":\"ListItem\",\"position\":2,\"name\":\"Les chiens et l&#8217;anxi\u00e9t\u00e9 de la s\u00e9paration\"}]},{\"@type\":\"WebSite\",\"@id\":\"https:\/\/erapetfood.com\/#website\",\"url\":\"https:\/\/erapetfood.com\/\",\"name\":\"ERA Pet Food\",\"description\":\"\",\"publisher\":{\"@id\":\"https:\/\/erapetfood.com\/#organization\"},\"potentialAction\":[{\"@type\":\"SearchAction\",\"target\":{\"@type\":\"EntryPoint\",\"urlTemplate\":\"https:\/\/erapetfood.com\/?s={search_term_string}\"},\"query-input\":{\"@type\":\"PropertyValueSpecification\",\"valueRequired\":true,\"valueName\":\"search_term_string\"}}],\"inLanguage\":\"fr-FR\"},{\"@type\":\"Organization\",\"@id\":\"https:\/\/erapetfood.com\/#organization\",\"name\":\"Pets Away Store SL\",\"url\":\"https:\/\/erapetfood.com\/\",\"logo\":{\"@type\":\"ImageObject\",\"inLanguage\":\"fr-FR\",\"@id\":\"https:\/\/erapetfood.com\/#\/schema\/logo\/image\/\",\"url\":\"https:\/\/erapetfood.com\/wp-content\/uploads\/ERA_logo.webp\",\"contentUrl\":\"https:\/\/erapetfood.com\/wp-content\/uploads\/ERA_logo.webp\",\"width\":750,\"height\":370,\"caption\":\"Pets Away Store SL\"},\"image\":{\"@id\":\"https:\/\/erapetfood.com\/#\/schema\/logo\/image\/\"},\"sameAs\":[\"https:\/\/www.facebook.com\/Erapetfood\/\",\"https:\/\/x.com\/Erapetfood\",\"https:\/\/www.instagram.com\/erapetfood\/\",\"https:\/\/www.youtube.com\/user\/cypmascota\"]},{\"@type\":\"Person\",\"@id\":\"https:\/\/erapetfood.com\/#\/schema\/person\/786a378ce9054c9e5c585ea175849815\",\"name\":\"Joan Llompart\",\"image\":{\"@type\":\"ImageObject\",\"inLanguage\":\"fr-FR\",\"@id\":\"https:\/\/secure.gravatar.com\/avatar\/3883b6242b74f0b8b049d86e1ae352ceeef12bc5a24a2bb52f29bd92e3f9550b?s=96&d=mm&r=g\",\"url\":\"https:\/\/secure.gravatar.com\/avatar\/3883b6242b74f0b8b049d86e1ae352ceeef12bc5a24a2bb52f29bd92e3f9550b?s=96&d=mm&r=g\",\"contentUrl\":\"https:\/\/secure.gravatar.com\/avatar\/3883b6242b74f0b8b049d86e1ae352ceeef12bc5a24a2bb52f29bd92e3f9550b?s=96&d=mm&r=g\",\"caption\":\"Joan Llompart\"},\"sameAs\":[\"https:\/\/joanllompart.com\/\"],\"url\":\"https:\/\/erapetfood.com\/fr\/author\/joanllompart\/\"}]}<\/script>\n<!-- \/ Yoast SEO plugin. -->","yoast_head_json":{"title":"Les chiens et l'anxi\u00e9t\u00e9 de la s\u00e9paration - ERA Pet Food","robots":{"index":"index","follow":"follow","max-snippet":"max-snippet:-1","max-image-preview":"max-image-preview:large","max-video-preview":"max-video-preview:-1"},"canonical":"https:\/\/erapetfood.com\/los-perros-y-la-ansiedad-por-separacion\/","og_locale":"fr_FR","og_type":"article","og_title":"Les chiens et l'anxi\u00e9t\u00e9 de la s\u00e9paration - ERA Pet Food","og_description":"L'anxi\u00e9t\u00e9, qu'il s'agisse d'\u00eatres humains ou d'animaux, est un probl\u00e8me de plus en plus fr\u00e9quent. Dans le cas","og_url":"https:\/\/erapetfood.com\/los-perros-y-la-ansiedad-por-separacion\/","og_site_name":"ERA Pet Food","article_publisher":"https:\/\/www.facebook.com\/Erapetfood\/","article_published_time":"2023-08-05T13:04:54+00:00","article_modified_time":"2023-10-26T18:41:17+00:00","og_image":[{"width":3200,"height":4000,"url":"https:\/\/erapetfood.com\/wp-content\/uploads\/perros-y-la-ansiedad.jpg","type":"image\/jpeg"}],"author":"Joan Llompart","twitter_card":"summary_large_image","twitter_creator":"@Erapetfood","twitter_site":"@Erapetfood","twitter_misc":{"\u00c9crit par":"Joan Llompart","Dur\u00e9e de lecture estim\u00e9e":"2 minutes"},"schema":{"@context":"https:\/\/schema.org","@graph":[{"@type":"Article","@id":"https:\/\/erapetfood.com\/los-perros-y-la-ansiedad-por-separacion\/#article","isPartOf":{"@id":"https:\/\/erapetfood.com\/los-perros-y-la-ansiedad-por-separacion\/"},"author":{"name":"Joan Llompart","@id":"https:\/\/erapetfood.com\/#\/schema\/person\/786a378ce9054c9e5c585ea175849815"},"headline":"Les chiens et l&#8217;anxi\u00e9t\u00e9 de la s\u00e9paration","datePublished":"2023-08-05T13:04:54+00:00","dateModified":"2023-10-26T18:41:17+00:00","mainEntityOfPage":{"@id":"https:\/\/erapetfood.com\/los-perros-y-la-ansiedad-por-separacion\/"},"wordCount":528,"commentCount":0,"publisher":{"@id":"https:\/\/erapetfood.com\/#organization"},"image":{"@id":"https:\/\/erapetfood.com\/los-perros-y-la-ansiedad-por-separacion\/#primaryimage"},"thumbnailUrl":"https:\/\/erapetfood.com\/wp-content\/uploads\/perros-y-la-ansiedad.jpg","articleSection":["Soins"],"inLanguage":"fr-FR","potentialAction":[{"@type":"CommentAction","name":"Comment","target":["https:\/\/erapetfood.com\/los-perros-y-la-ansiedad-por-separacion\/#respond"]}]},{"@type":"WebPage","@id":"https:\/\/erapetfood.com\/los-perros-y-la-ansiedad-por-separacion\/","url":"https:\/\/erapetfood.com\/los-perros-y-la-ansiedad-por-separacion\/","name":"Les chiens et l'anxi\u00e9t\u00e9 de la s\u00e9paration - ERA Pet Food","isPartOf":{"@id":"https:\/\/erapetfood.com\/#website"},"primaryImageOfPage":{"@id":"https:\/\/erapetfood.com\/los-perros-y-la-ansiedad-por-separacion\/#primaryimage"},"image":{"@id":"https:\/\/erapetfood.com\/los-perros-y-la-ansiedad-por-separacion\/#primaryimage"},"thumbnailUrl":"https:\/\/erapetfood.com\/wp-content\/uploads\/perros-y-la-ansiedad.jpg","datePublished":"2023-08-05T13:04:54+00:00","dateModified":"2023-10-26T18:41:17+00:00","breadcrumb":{"@id":"https:\/\/erapetfood.com\/los-perros-y-la-ansiedad-por-separacion\/#breadcrumb"},"inLanguage":"fr-FR","potentialAction":[{"@type":"ReadAction","target":["https:\/\/erapetfood.com\/los-perros-y-la-ansiedad-por-separacion\/"]}]},{"@type":"ImageObject","inLanguage":"fr-FR","@id":"https:\/\/erapetfood.com\/los-perros-y-la-ansiedad-por-separacion\/#primaryimage","url":"https:\/\/erapetfood.com\/wp-content\/uploads\/perros-y-la-ansiedad.jpg","contentUrl":"https:\/\/erapetfood.com\/wp-content\/uploads\/perros-y-la-ansiedad.jpg","width":3200,"height":4000,"caption":"l'anxi\u00e9t\u00e9 de la s\u00e9paration"},{"@type":"BreadcrumbList","@id":"https:\/\/erapetfood.com\/los-perros-y-la-ansiedad-por-separacion\/#breadcrumb","itemListElement":[{"@type":"ListItem","position":1,"name":"Portada","item":"https:\/\/erapetfood.com\/"},{"@type":"ListItem","position":2,"name":"Les chiens et l&#8217;anxi\u00e9t\u00e9 de la s\u00e9paration"}]},{"@type":"WebSite","@id":"https:\/\/erapetfood.com\/#website","url":"https:\/\/erapetfood.com\/","name":"ERA Pet Food","description":"","publisher":{"@id":"https:\/\/erapetfood.com\/#organization"},"potentialAction":[{"@type":"SearchAction","target":{"@type":"EntryPoint","urlTemplate":"https:\/\/erapetfood.com\/?s={search_term_string}"},"query-input":{"@type":"PropertyValueSpecification","valueRequired":true,"valueName":"search_term_string"}}],"inLanguage":"fr-FR"},{"@type":"Organization","@id":"https:\/\/erapetfood.com\/#organization","name":"Pets Away Store SL","url":"https:\/\/erapetfood.com\/","logo":{"@type":"ImageObject","inLanguage":"fr-FR","@id":"https:\/\/erapetfood.com\/#\/schema\/logo\/image\/","url":"https:\/\/erapetfood.com\/wp-content\/uploads\/ERA_logo.webp","contentUrl":"https:\/\/erapetfood.com\/wp-content\/uploads\/ERA_logo.webp","width":750,"height":370,"caption":"Pets Away Store SL"},"image":{"@id":"https:\/\/erapetfood.com\/#\/schema\/logo\/image\/"},"sameAs":["https:\/\/www.facebook.com\/Erapetfood\/","https:\/\/x.com\/Erapetfood","https:\/\/www.instagram.com\/erapetfood\/","https:\/\/www.youtube.com\/user\/cypmascota"]},{"@type":"Person","@id":"https:\/\/erapetfood.com\/#\/schema\/person\/786a378ce9054c9e5c585ea175849815","name":"Joan Llompart","image":{"@type":"ImageObject","inLanguage":"fr-FR","@id":"https:\/\/secure.gravatar.com\/avatar\/3883b6242b74f0b8b049d86e1ae352ceeef12bc5a24a2bb52f29bd92e3f9550b?s=96&d=mm&r=g","url":"https:\/\/secure.gravatar.com\/avatar\/3883b6242b74f0b8b049d86e1ae352ceeef12bc5a24a2bb52f29bd92e3f9550b?s=96&d=mm&r=g","contentUrl":"https:\/\/secure.gravatar.com\/avatar\/3883b6242b74f0b8b049d86e1ae352ceeef12bc5a24a2bb52f29bd92e3f9550b?s=96&d=mm&r=g","caption":"Joan Llompart"},"sameAs":["https:\/\/joanllompart.com\/"],"url":"https:\/\/erapetfood.com\/fr\/author\/joanllompart\/"}]}},"jetpack_featured_media_url":"https:\/\/erapetfood.com\/wp-content\/uploads\/perros-y-la-ansiedad.jpg","jetpack_sharing_enabled":true,"_links":{"self":[{"href":"https:\/\/erapetfood.com\/fr\/wp-json\/wp\/v2\/posts\/3198","targetHints":{"allow":["GET"]}}],"collection":[{"href":"https:\/\/erapetfood.com\/fr\/wp-json\/wp\/v2\/posts"}],"about":[{"href":"https:\/\/erapetfood.com\/fr\/wp-json\/wp\/v2\/types\/post"}],"author":[{"embeddable":true,"href":"https:\/\/erapetfood.com\/fr\/wp-json\/wp\/v2\/users\/1"}],"replies":[{"embeddable":true,"href":"https:\/\/erapetfood.com\/fr\/wp-json\/wp\/v2\/comments?post=3198"}],"version-history":[{"count":0,"href":"https:\/\/erapetfood.com\/fr\/wp-json\/wp\/v2\/posts\/3198\/revisions"}],"wp:featuredmedia":[{"embeddable":true,"href":"https:\/\/erapetfood.com\/fr\/wp-json\/wp\/v2\/media\/4860"}],"wp:attachment":[{"href":"https:\/\/erapetfood.com\/fr\/wp-json\/wp\/v2\/media?parent=3198"}],"wp:term":[{"taxonomy":"category","embeddable":true,"href":"https:\/\/erapetfood.com\/fr\/wp-json\/wp\/v2\/categories?post=3198"},{"taxonomy":"post_tag","embeddable":true,"href":"https:\/\/erapetfood.com\/fr\/wp-json\/wp\/v2\/tags?post=3198"}],"curies":[{"name":"wp","href":"https:\/\/api.w.org\/{rel}","templated":true}]}}