{"id":3202,"date":"2023-08-05T12:39:39","date_gmt":"2023-08-05T10:39:39","guid":{"rendered":"https:\/\/demos-a1.c.wetopi.com\/les-chiens-et-les-allergies-a-la-proteine-de-boeuf\/"},"modified":"2023-10-26T20:59:27","modified_gmt":"2023-10-26T18:59:27","slug":"les-chiens-et-les-allergies-a-la-proteine-de-boeuf","status":"publish","type":"post","link":"https:\/\/erapetfood.com\/fr\/les-chiens-et-les-allergies-a-la-proteine-de-boeuf\/","title":{"rendered":"Les chiens et les allergies \u00e0 la prot\u00e9ine de b\u0153uf"},"content":{"rendered":"\n<p>Environ 10 % des chiens allergiques souffrent d&#8217;une allergie alimentaire. Contrairement \u00e0 ce que l&#8217;on pourrait penser, dans ce pourcentage, seuls 3 % sont allergiques aux c\u00e9r\u00e9ales, tandis que 35 % pr\u00e9sentent des allergies \u00e0 la prot\u00e9ine de b\u0153uf.<\/p>\n\n\n\n<h2 class=\"wp-block-heading\">Qu&#8217;est-ce que les allergies alimentaires ?<\/h2>\n\n\n\n<p>Il s&#8217;agit de r\u00e9actions du syst\u00e8me immunitaire apr\u00e8s l&#8217;ingestion d&#8217;une prot\u00e9ine sp\u00e9cifique. En d&#8217;autres termes, l&#8217;organisme interpr\u00e8te qu&#8217;un composant de l&#8217;aliment est dangereux pour la sant\u00e9 du chien et r\u00e9agit de mani\u00e8re excessive. Cette r\u00e9action favorise la lib\u00e9ration de substances telles que l&#8217;histamine, d\u00e9clenchant la r\u00e9action allergique.<\/p>\n\n\n\n<h2 class=\"wp-block-heading\">Quels sont les sympt\u00f4mes ?<\/h2>\n\n\n\n<p>Les sympt\u00f4mes d&#8217;une allergie alimentaire se manifestent principalement sur la peau, par un prurit excessif, des rougeurs, des cro\u00fbtes ou une otite chronique. De ces sympt\u00f4mes peuvent d\u00e9couler des probl\u00e8mes secondaires tels que des infections, des plaies et une perte de poils. En plus de ceux-ci, il existe des sympt\u00f4mes digestifs tels que des vomissements, de la diarrh\u00e9e et des flatulences, bien que ces derniers soient plus courants dans les cas d&#8217;intol\u00e9rance.<\/p>\n\n\n\n<p>Il convient de pr\u00e9ciser que bien que ces sympt\u00f4mes puissent se manifester \u00e0 tout \u00e2ge, ils sont plus fr\u00e9quents chez les chiots et les chiens \u00e2g\u00e9s.<\/p>\n\n\n\n<h2 class=\"wp-block-heading\">\u00bfComment est-ce diagnostiqu\u00e9 ?<\/h2>\n\n\n\n<p>Les allergies alimentaires sont couramment confondues avec d&#8217;autres maladies qui pr\u00e9sentent des sympt\u00f4mes similaires. C&#8217;est pourquoi, si vous avez des soup\u00e7ons que votre chien souffre d&#8217;une allergie alimentaire, vous devez consulter un v\u00e9t\u00e9rinaire pour effectuer le diagnostic et d\u00e9terminer quel aliment provoque cette allergie.<\/p>\n\n\n\n<p>Le test le plus couramment r\u00e9alis\u00e9 dans ces cas consiste \u00e0 effectuer un r\u00e9gime d&#8217;\u00e9limination pendant plusieurs semaines, g\u00e9n\u00e9ralement entre 8 et 12 semaines. Cette m\u00e9thode consiste \u00e0 observer si les sympt\u00f4mes disparaissent \u00e0 mesure que des \u00e9l\u00e9ments de l&#8217;alimentation du chien sont supprim\u00e9s. Si les sympt\u00f4mes disparaissent pendant cette p\u00e9riode, cela indique une allergie. De plus, cela peut \u00eatre compl\u00e9t\u00e9 par des analyses sanguines.<\/p>\n\n\n\n<h2 class=\"wp-block-heading\">Comment est l&#8217;aliment id\u00e9al ?<\/h2>\n\n\n\n<p>Une fois que l&#8217;aliment responsable de l&#8217;allergie est identifi\u00e9, vous n&#8217;aurez qu&#8217;\u00e0 choisir des croquettes, des aliments humides et\/ou des friandises qui n&#8217;en contiennent pas.<\/p>\n\n\n\n<p>En cas d&#8217;allergie \u00e0 la prot\u00e9ine de b\u0153uf, ERA Millennium propose des croquettes au saumon et au hareng, qui repr\u00e9sentent 60 % de la formule et sont une excellente source de prot\u00e9ines, ainsi que d&#8217;acides gras. De plus, ces croquettes sont riches en om\u00e9ga-3 et om\u00e9ga-6, qui prennent soin du pelage de votre chien. Elles contiennent \u00e9galement des ingr\u00e9dients fonctionnels qui contribuent \u00e0 prot\u00e9ger compl\u00e8tement le syst\u00e8me immunitaire, digestif, cardiovasculaire et musculo-squelettique.<\/p>\n\n\n\n<div class=\"wp-block-buttons is-content-justification-center is-layout-flex wp-container-core-buttons-is-layout-16018d1d wp-block-buttons-is-layout-flex\">\n<div class=\"wp-block-button\"><a class=\"wp-block-button__link wp-element-button\">Acheter ici<\/a><\/div>\n<\/div>\n\n\n\n<div style=\"height:40px\" aria-hidden=\"true\" class=\"wp-block-spacer\"><\/div>\n\n\n\n<h2 class=\"wp-block-heading\">Vous pouvez \u00e9galement regarder notre vid\u00e9o sur la cha\u00eene YouTube CyP Mascotas.<\/h2>\n\n\n\n<figure class=\"wp-block-embed is-type-video is-provider-youtube wp-block-embed-youtube wp-embed-aspect-16-9 wp-has-aspect-ratio\"><div class=\"wp-block-embed__wrapper\">\n<iframe title=\"PERROS: ERA alimento para perros con problemas de piel\" width=\"1200\" height=\"675\" src=\"https:\/\/www.youtube.com\/embed\/MuzAL_9USIo?feature=oembed\" frameborder=\"0\" allow=\"accelerometer; autoplay; clipboard-write; encrypted-media; gyroscope; picture-in-picture; web-share\" allowfullscreen><\/iframe>\n<\/div><\/figure>\n","protected":false},"excerpt":{"rendered":"<p>Environ 10 % des chiens allergiques souffrent d&#8217;une allergie alimentaire. Contrairement \u00e0 ce que l&#8217;on pourrait penser,<\/p>\n","protected":false},"author":1,"featured_media":4866,"comment_status":"open","ping_status":"closed","sticky":false,"template":"","format":"standard","meta":{"_jetpack_memberships_contains_paid_content":false,"footnotes":""},"categories":[127,125],"tags":[],"class_list":["post-3202","post","type-post","status-publish","format-standard","has-post-thumbnail","hentry","category-alimentation","category-soins"],"yoast_head":"<!-- This site is optimized with the Yoast SEO plugin v27.5 - https:\/\/yoast.com\/product\/yoast-seo-wordpress\/ -->\n<title>Les chiens et les allergies \u00e0 la prot\u00e9ine de b\u0153uf - ERA Pet Food<\/title>\n<meta name=\"robots\" content=\"index, follow, max-snippet:-1, max-image-preview:large, max-video-preview:-1\" \/>\n<link rel=\"canonical\" href=\"https:\/\/erapetfood.com\/los-perros-y-la-alergia-a-la-proteina-de-la-carne-de-vacuno\/\" \/>\n<meta property=\"og:locale\" content=\"fr_FR\" \/>\n<meta property=\"og:type\" content=\"article\" \/>\n<meta property=\"og:title\" content=\"Les chiens et les allergies \u00e0 la prot\u00e9ine de b\u0153uf - ERA Pet Food\" \/>\n<meta property=\"og:description\" content=\"Environ 10 % des chiens allergiques souffrent d&#039;une allergie alimentaire. Contrairement \u00e0 ce que l&#039;on pourrait penser,\" \/>\n<meta property=\"og:url\" content=\"https:\/\/erapetfood.com\/los-perros-y-la-alergia-a-la-proteina-de-la-carne-de-vacuno\/\" \/>\n<meta property=\"og:site_name\" content=\"ERA Pet Food\" \/>\n<meta property=\"article:publisher\" content=\"https:\/\/www.facebook.com\/Erapetfood\/\" \/>\n<meta property=\"article:published_time\" content=\"2023-08-05T10:39:39+00:00\" \/>\n<meta property=\"article:modified_time\" content=\"2023-10-26T18:59:27+00:00\" \/>\n<meta property=\"og:image\" content=\"https:\/\/erapetfood.com\/wp-content\/uploads\/alergias-a-proteina.jpg\" \/>\n\t<meta property=\"og:image:width\" content=\"3200\" \/>\n\t<meta property=\"og:image:height\" content=\"4000\" \/>\n\t<meta property=\"og:image:type\" content=\"image\/jpeg\" \/>\n<meta name=\"author\" content=\"Joan Llompart\" \/>\n<meta name=\"twitter:card\" content=\"summary_large_image\" \/>\n<meta name=\"twitter:creator\" content=\"@Erapetfood\" \/>\n<meta name=\"twitter:site\" content=\"@Erapetfood\" \/>\n<meta name=\"twitter:label1\" content=\"\u00c9crit par\" \/>\n\t<meta name=\"twitter:data1\" content=\"Joan Llompart\" \/>\n\t<meta name=\"twitter:label2\" content=\"Dur\u00e9e de lecture estim\u00e9e\" \/>\n\t<meta name=\"twitter:data2\" content=\"2 minutes\" \/>\n<script type=\"application\/ld+json\" class=\"yoast-schema-graph\">{\"@context\":\"https:\\\/\\\/schema.org\",\"@graph\":[{\"@type\":\"Article\",\"@id\":\"https:\\\/\\\/erapetfood.com\\\/los-perros-y-la-alergia-a-la-proteina-de-la-carne-de-vacuno\\\/#article\",\"isPartOf\":{\"@id\":\"https:\\\/\\\/erapetfood.com\\\/los-perros-y-la-alergia-a-la-proteina-de-la-carne-de-vacuno\\\/\"},\"author\":{\"name\":\"Joan Llompart\",\"@id\":\"https:\\\/\\\/erapetfood.com\\\/#\\\/schema\\\/person\\\/786a378ce9054c9e5c585ea175849815\"},\"headline\":\"Les chiens et les allergies \u00e0 la prot\u00e9ine de b\u0153uf\",\"datePublished\":\"2023-08-05T10:39:39+00:00\",\"dateModified\":\"2023-10-26T18:59:27+00:00\",\"mainEntityOfPage\":{\"@id\":\"https:\\\/\\\/erapetfood.com\\\/los-perros-y-la-alergia-a-la-proteina-de-la-carne-de-vacuno\\\/\"},\"wordCount\":504,\"commentCount\":0,\"publisher\":{\"@id\":\"https:\\\/\\\/erapetfood.com\\\/#organization\"},\"image\":{\"@id\":\"https:\\\/\\\/erapetfood.com\\\/los-perros-y-la-alergia-a-la-proteina-de-la-carne-de-vacuno\\\/#primaryimage\"},\"thumbnailUrl\":\"https:\\\/\\\/erapetfood.com\\\/wp-content\\\/uploads\\\/alergias-a-proteina.jpg\",\"articleSection\":[\"Alimentation\",\"Soins\"],\"inLanguage\":\"fr-FR\",\"potentialAction\":[{\"@type\":\"CommentAction\",\"name\":\"Comment\",\"target\":[\"https:\\\/\\\/erapetfood.com\\\/los-perros-y-la-alergia-a-la-proteina-de-la-carne-de-vacuno\\\/#respond\"]}]},{\"@type\":\"WebPage\",\"@id\":\"https:\\\/\\\/erapetfood.com\\\/los-perros-y-la-alergia-a-la-proteina-de-la-carne-de-vacuno\\\/\",\"url\":\"https:\\\/\\\/erapetfood.com\\\/los-perros-y-la-alergia-a-la-proteina-de-la-carne-de-vacuno\\\/\",\"name\":\"Les chiens et les allergies \u00e0 la prot\u00e9ine de b\u0153uf - ERA Pet Food\",\"isPartOf\":{\"@id\":\"https:\\\/\\\/erapetfood.com\\\/#website\"},\"primaryImageOfPage\":{\"@id\":\"https:\\\/\\\/erapetfood.com\\\/los-perros-y-la-alergia-a-la-proteina-de-la-carne-de-vacuno\\\/#primaryimage\"},\"image\":{\"@id\":\"https:\\\/\\\/erapetfood.com\\\/los-perros-y-la-alergia-a-la-proteina-de-la-carne-de-vacuno\\\/#primaryimage\"},\"thumbnailUrl\":\"https:\\\/\\\/erapetfood.com\\\/wp-content\\\/uploads\\\/alergias-a-proteina.jpg\",\"datePublished\":\"2023-08-05T10:39:39+00:00\",\"dateModified\":\"2023-10-26T18:59:27+00:00\",\"breadcrumb\":{\"@id\":\"https:\\\/\\\/erapetfood.com\\\/los-perros-y-la-alergia-a-la-proteina-de-la-carne-de-vacuno\\\/#breadcrumb\"},\"inLanguage\":\"fr-FR\",\"potentialAction\":[{\"@type\":\"ReadAction\",\"target\":[\"https:\\\/\\\/erapetfood.com\\\/los-perros-y-la-alergia-a-la-proteina-de-la-carne-de-vacuno\\\/\"]}]},{\"@type\":\"ImageObject\",\"inLanguage\":\"fr-FR\",\"@id\":\"https:\\\/\\\/erapetfood.com\\\/los-perros-y-la-alergia-a-la-proteina-de-la-carne-de-vacuno\\\/#primaryimage\",\"url\":\"https:\\\/\\\/erapetfood.com\\\/wp-content\\\/uploads\\\/alergias-a-proteina.jpg\",\"contentUrl\":\"https:\\\/\\\/erapetfood.com\\\/wp-content\\\/uploads\\\/alergias-a-proteina.jpg\",\"width\":3200,\"height\":4000,\"caption\":\"Les chiens et les allergies \u00e0 la prot\u00e9ine de b\u0153uf\"},{\"@type\":\"BreadcrumbList\",\"@id\":\"https:\\\/\\\/erapetfood.com\\\/los-perros-y-la-alergia-a-la-proteina-de-la-carne-de-vacuno\\\/#breadcrumb\",\"itemListElement\":[{\"@type\":\"ListItem\",\"position\":1,\"name\":\"Portada\",\"item\":\"https:\\\/\\\/erapetfood.com\\\/\"},{\"@type\":\"ListItem\",\"position\":2,\"name\":\"Les chiens et les allergies \u00e0 la prot\u00e9ine de b\u0153uf\"}]},{\"@type\":\"WebSite\",\"@id\":\"https:\\\/\\\/erapetfood.com\\\/#website\",\"url\":\"https:\\\/\\\/erapetfood.com\\\/\",\"name\":\"ERA Pet Food\",\"description\":\"\",\"publisher\":{\"@id\":\"https:\\\/\\\/erapetfood.com\\\/#organization\"},\"potentialAction\":[{\"@type\":\"SearchAction\",\"target\":{\"@type\":\"EntryPoint\",\"urlTemplate\":\"https:\\\/\\\/erapetfood.com\\\/?s={search_term_string}\"},\"query-input\":{\"@type\":\"PropertyValueSpecification\",\"valueRequired\":true,\"valueName\":\"search_term_string\"}}],\"inLanguage\":\"fr-FR\"},{\"@type\":\"Organization\",\"@id\":\"https:\\\/\\\/erapetfood.com\\\/#organization\",\"name\":\"Pets Away Store SL\",\"url\":\"https:\\\/\\\/erapetfood.com\\\/\",\"logo\":{\"@type\":\"ImageObject\",\"inLanguage\":\"fr-FR\",\"@id\":\"https:\\\/\\\/erapetfood.com\\\/#\\\/schema\\\/logo\\\/image\\\/\",\"url\":\"https:\\\/\\\/erapetfood.com\\\/wp-content\\\/uploads\\\/ERA_logo.webp\",\"contentUrl\":\"https:\\\/\\\/erapetfood.com\\\/wp-content\\\/uploads\\\/ERA_logo.webp\",\"width\":750,\"height\":370,\"caption\":\"Pets Away Store SL\"},\"image\":{\"@id\":\"https:\\\/\\\/erapetfood.com\\\/#\\\/schema\\\/logo\\\/image\\\/\"},\"sameAs\":[\"https:\\\/\\\/www.facebook.com\\\/Erapetfood\\\/\",\"https:\\\/\\\/x.com\\\/Erapetfood\",\"https:\\\/\\\/www.instagram.com\\\/erapetfood\\\/\",\"https:\\\/\\\/www.youtube.com\\\/user\\\/cypmascota\"]},{\"@type\":\"Person\",\"@id\":\"https:\\\/\\\/erapetfood.com\\\/#\\\/schema\\\/person\\\/786a378ce9054c9e5c585ea175849815\",\"name\":\"Joan Llompart\",\"image\":{\"@type\":\"ImageObject\",\"inLanguage\":\"fr-FR\",\"@id\":\"https:\\\/\\\/secure.gravatar.com\\\/avatar\\\/3883b6242b74f0b8b049d86e1ae352ceeef12bc5a24a2bb52f29bd92e3f9550b?s=96&d=mm&r=g\",\"url\":\"https:\\\/\\\/secure.gravatar.com\\\/avatar\\\/3883b6242b74f0b8b049d86e1ae352ceeef12bc5a24a2bb52f29bd92e3f9550b?s=96&d=mm&r=g\",\"contentUrl\":\"https:\\\/\\\/secure.gravatar.com\\\/avatar\\\/3883b6242b74f0b8b049d86e1ae352ceeef12bc5a24a2bb52f29bd92e3f9550b?s=96&d=mm&r=g\",\"caption\":\"Joan Llompart\"},\"sameAs\":[\"https:\\\/\\\/joanllompart.com\\\/\"],\"url\":\"https:\\\/\\\/erapetfood.com\\\/fr\\\/author\\\/joanllompart\\\/\"}]}<\/script>\n<!-- \/ Yoast SEO plugin. -->","yoast_head_json":{"title":"Les chiens et les allergies \u00e0 la prot\u00e9ine de b\u0153uf - ERA Pet Food","robots":{"index":"index","follow":"follow","max-snippet":"max-snippet:-1","max-image-preview":"max-image-preview:large","max-video-preview":"max-video-preview:-1"},"canonical":"https:\/\/erapetfood.com\/los-perros-y-la-alergia-a-la-proteina-de-la-carne-de-vacuno\/","og_locale":"fr_FR","og_type":"article","og_title":"Les chiens et les allergies \u00e0 la prot\u00e9ine de b\u0153uf - ERA Pet Food","og_description":"Environ 10 % des chiens allergiques souffrent d'une allergie alimentaire. Contrairement \u00e0 ce que l'on pourrait penser,","og_url":"https:\/\/erapetfood.com\/los-perros-y-la-alergia-a-la-proteina-de-la-carne-de-vacuno\/","og_site_name":"ERA Pet Food","article_publisher":"https:\/\/www.facebook.com\/Erapetfood\/","article_published_time":"2023-08-05T10:39:39+00:00","article_modified_time":"2023-10-26T18:59:27+00:00","og_image":[{"width":3200,"height":4000,"url":"https:\/\/erapetfood.com\/wp-content\/uploads\/alergias-a-proteina.jpg","type":"image\/jpeg"}],"author":"Joan Llompart","twitter_card":"summary_large_image","twitter_creator":"@Erapetfood","twitter_site":"@Erapetfood","twitter_misc":{"\u00c9crit par":"Joan Llompart","Dur\u00e9e de lecture estim\u00e9e":"2 minutes"},"schema":{"@context":"https:\/\/schema.org","@graph":[{"@type":"Article","@id":"https:\/\/erapetfood.com\/los-perros-y-la-alergia-a-la-proteina-de-la-carne-de-vacuno\/#article","isPartOf":{"@id":"https:\/\/erapetfood.com\/los-perros-y-la-alergia-a-la-proteina-de-la-carne-de-vacuno\/"},"author":{"name":"Joan Llompart","@id":"https:\/\/erapetfood.com\/#\/schema\/person\/786a378ce9054c9e5c585ea175849815"},"headline":"Les chiens et les allergies \u00e0 la prot\u00e9ine de b\u0153uf","datePublished":"2023-08-05T10:39:39+00:00","dateModified":"2023-10-26T18:59:27+00:00","mainEntityOfPage":{"@id":"https:\/\/erapetfood.com\/los-perros-y-la-alergia-a-la-proteina-de-la-carne-de-vacuno\/"},"wordCount":504,"commentCount":0,"publisher":{"@id":"https:\/\/erapetfood.com\/#organization"},"image":{"@id":"https:\/\/erapetfood.com\/los-perros-y-la-alergia-a-la-proteina-de-la-carne-de-vacuno\/#primaryimage"},"thumbnailUrl":"https:\/\/erapetfood.com\/wp-content\/uploads\/alergias-a-proteina.jpg","articleSection":["Alimentation","Soins"],"inLanguage":"fr-FR","potentialAction":[{"@type":"CommentAction","name":"Comment","target":["https:\/\/erapetfood.com\/los-perros-y-la-alergia-a-la-proteina-de-la-carne-de-vacuno\/#respond"]}]},{"@type":"WebPage","@id":"https:\/\/erapetfood.com\/los-perros-y-la-alergia-a-la-proteina-de-la-carne-de-vacuno\/","url":"https:\/\/erapetfood.com\/los-perros-y-la-alergia-a-la-proteina-de-la-carne-de-vacuno\/","name":"Les chiens et les allergies \u00e0 la prot\u00e9ine de b\u0153uf - ERA Pet Food","isPartOf":{"@id":"https:\/\/erapetfood.com\/#website"},"primaryImageOfPage":{"@id":"https:\/\/erapetfood.com\/los-perros-y-la-alergia-a-la-proteina-de-la-carne-de-vacuno\/#primaryimage"},"image":{"@id":"https:\/\/erapetfood.com\/los-perros-y-la-alergia-a-la-proteina-de-la-carne-de-vacuno\/#primaryimage"},"thumbnailUrl":"https:\/\/erapetfood.com\/wp-content\/uploads\/alergias-a-proteina.jpg","datePublished":"2023-08-05T10:39:39+00:00","dateModified":"2023-10-26T18:59:27+00:00","breadcrumb":{"@id":"https:\/\/erapetfood.com\/los-perros-y-la-alergia-a-la-proteina-de-la-carne-de-vacuno\/#breadcrumb"},"inLanguage":"fr-FR","potentialAction":[{"@type":"ReadAction","target":["https:\/\/erapetfood.com\/los-perros-y-la-alergia-a-la-proteina-de-la-carne-de-vacuno\/"]}]},{"@type":"ImageObject","inLanguage":"fr-FR","@id":"https:\/\/erapetfood.com\/los-perros-y-la-alergia-a-la-proteina-de-la-carne-de-vacuno\/#primaryimage","url":"https:\/\/erapetfood.com\/wp-content\/uploads\/alergias-a-proteina.jpg","contentUrl":"https:\/\/erapetfood.com\/wp-content\/uploads\/alergias-a-proteina.jpg","width":3200,"height":4000,"caption":"Les chiens et les allergies \u00e0 la prot\u00e9ine de b\u0153uf"},{"@type":"BreadcrumbList","@id":"https:\/\/erapetfood.com\/los-perros-y-la-alergia-a-la-proteina-de-la-carne-de-vacuno\/#breadcrumb","itemListElement":[{"@type":"ListItem","position":1,"name":"Portada","item":"https:\/\/erapetfood.com\/"},{"@type":"ListItem","position":2,"name":"Les chiens et les allergies \u00e0 la prot\u00e9ine de b\u0153uf"}]},{"@type":"WebSite","@id":"https:\/\/erapetfood.com\/#website","url":"https:\/\/erapetfood.com\/","name":"ERA Pet Food","description":"","publisher":{"@id":"https:\/\/erapetfood.com\/#organization"},"potentialAction":[{"@type":"SearchAction","target":{"@type":"EntryPoint","urlTemplate":"https:\/\/erapetfood.com\/?s={search_term_string}"},"query-input":{"@type":"PropertyValueSpecification","valueRequired":true,"valueName":"search_term_string"}}],"inLanguage":"fr-FR"},{"@type":"Organization","@id":"https:\/\/erapetfood.com\/#organization","name":"Pets Away Store SL","url":"https:\/\/erapetfood.com\/","logo":{"@type":"ImageObject","inLanguage":"fr-FR","@id":"https:\/\/erapetfood.com\/#\/schema\/logo\/image\/","url":"https:\/\/erapetfood.com\/wp-content\/uploads\/ERA_logo.webp","contentUrl":"https:\/\/erapetfood.com\/wp-content\/uploads\/ERA_logo.webp","width":750,"height":370,"caption":"Pets Away Store SL"},"image":{"@id":"https:\/\/erapetfood.com\/#\/schema\/logo\/image\/"},"sameAs":["https:\/\/www.facebook.com\/Erapetfood\/","https:\/\/x.com\/Erapetfood","https:\/\/www.instagram.com\/erapetfood\/","https:\/\/www.youtube.com\/user\/cypmascota"]},{"@type":"Person","@id":"https:\/\/erapetfood.com\/#\/schema\/person\/786a378ce9054c9e5c585ea175849815","name":"Joan Llompart","image":{"@type":"ImageObject","inLanguage":"fr-FR","@id":"https:\/\/secure.gravatar.com\/avatar\/3883b6242b74f0b8b049d86e1ae352ceeef12bc5a24a2bb52f29bd92e3f9550b?s=96&d=mm&r=g","url":"https:\/\/secure.gravatar.com\/avatar\/3883b6242b74f0b8b049d86e1ae352ceeef12bc5a24a2bb52f29bd92e3f9550b?s=96&d=mm&r=g","contentUrl":"https:\/\/secure.gravatar.com\/avatar\/3883b6242b74f0b8b049d86e1ae352ceeef12bc5a24a2bb52f29bd92e3f9550b?s=96&d=mm&r=g","caption":"Joan Llompart"},"sameAs":["https:\/\/joanllompart.com\/"],"url":"https:\/\/erapetfood.com\/fr\/author\/joanllompart\/"}]}},"jetpack_featured_media_url":"https:\/\/erapetfood.com\/wp-content\/uploads\/alergias-a-proteina.jpg","jetpack_sharing_enabled":true,"_links":{"self":[{"href":"https:\/\/erapetfood.com\/fr\/wp-json\/wp\/v2\/posts\/3202","targetHints":{"allow":["GET"]}}],"collection":[{"href":"https:\/\/erapetfood.com\/fr\/wp-json\/wp\/v2\/posts"}],"about":[{"href":"https:\/\/erapetfood.com\/fr\/wp-json\/wp\/v2\/types\/post"}],"author":[{"embeddable":true,"href":"https:\/\/erapetfood.com\/fr\/wp-json\/wp\/v2\/users\/1"}],"replies":[{"embeddable":true,"href":"https:\/\/erapetfood.com\/fr\/wp-json\/wp\/v2\/comments?post=3202"}],"version-history":[{"count":0,"href":"https:\/\/erapetfood.com\/fr\/wp-json\/wp\/v2\/posts\/3202\/revisions"}],"wp:featuredmedia":[{"embeddable":true,"href":"https:\/\/erapetfood.com\/fr\/wp-json\/wp\/v2\/media\/4866"}],"wp:attachment":[{"href":"https:\/\/erapetfood.com\/fr\/wp-json\/wp\/v2\/media?parent=3202"}],"wp:term":[{"taxonomy":"category","embeddable":true,"href":"https:\/\/erapetfood.com\/fr\/wp-json\/wp\/v2\/categories?post=3202"},{"taxonomy":"post_tag","embeddable":true,"href":"https:\/\/erapetfood.com\/fr\/wp-json\/wp\/v2\/tags?post=3202"}],"curies":[{"name":"wp","href":"https:\/\/api.w.org\/{rel}","templated":true}]}}